{"id":7545,"date":"2026-08-19T12:00:00","date_gmt":"2026-08-19T10:00:00","guid":{"rendered":"https:\/\/ozpolonus.sk\/?p=7545"},"modified":"2026-09-01T09:32:17","modified_gmt":"2026-09-01T07:32:17","slug":"19-8-2026-folkowe-pogranicze-zaverecne-workshopy","status":"publish","type":"post","link":"https:\/\/ozpolonus.sk\/pl\/19-8-2026-folkowe-pogranicze-zaverecne-workshopy\/","title":{"rendered":"19. 8. 2026 Folkowe Pogranicze \u2013 z\u00e1vere\u010dn\u00e9 workshopy \/ Folkowe Pogranicze \u2013 ostatnie warsztaty"},"content":{"rendered":"<p><strong>19. augusta 2026 sa konali posledn\u00e9 workshopy zorganizovan\u00e9 v r\u00e1mci projektu \u201eFolkowe Pogranicze\u201c, spolufinancovan\u00e9ho Eur\u00f3pskou \u00faniou v r\u00e1mci programu Interreg Po\u013esko \u2013 Slovensko 2021\u20132027.<\/strong><\/p>\n\n\n\n<p>Na podujat\u00ed sa z\u00fa\u010dastnili obyvatelia Po\u013eska a Slovenska, ktor\u00ed spolo\u010dne vytv\u00e1rali jedine\u010dn\u00e9 ozdoby, pri\u010dom \u010derpali z trad\u00edci\u00ed odovzd\u00e1van\u00fdch z gener\u00e1cie na gener\u00e1ciu. Bola to nielen pr\u00edle\u017eitos\u0165 na rozvoj tvoriv\u00fdch zru\u010dnost\u00ed, ale aj na spolo\u010dn\u00e9 tr\u00e1venie \u010dasu, v\u00fdmenu sk\u00fasenost\u00ed a udr\u017eiavanie miestneho kult\u00farneho dedi\u010dstva.<\/p>\n\n\n\n<p>Osobitn\u00fdm prvkom workshopov bola jedine\u010dn\u00e1 kompoz\u00edcia pripraven\u00e1 pri pr\u00edle\u017eitosti tohtoro\u010dn\u00e9ho jubilea 700. v\u00fdro\u010dia Pisarzow\u00edc. Vytvoren\u00fd veniec nadv\u00e4zuje na hist\u00f3riu obce a zn\u00e1zor\u0148uje b\u00fdval\u00fd dreven\u00fd kostol v Pisarzowiciach.<\/p>\n\n\n\n<p>Je to kr\u00e1sne zav\u0155\u0161enie spolo\u010dn\u00fdch aktiv\u00edt, ktor\u00e9 spojili obyvate\u013eov oboch str\u00e1n hranice prostredn\u00edctvom trad\u00edci\u00ed, remesiel a kult\u00fary.<\/p>\n\n\n\n<hr class=\"wp-block-separator has-alpha-channel-opacity\"\/>\n\n\n\n<p><strong>19.08.2026 r. odby\u0142y si\u0119 ostatnie warsztaty zorganizowane w ramach projektu \u201eFolkowe Pogranicze\u201d, wsp\u00f3\u0142finansowanego przez Uni\u0119 Europejsk\u0105 w ramach programu Interreg Polska \u2013 S\u0142owacja 2021\u20132027.<\/strong><\/p>\n\n\n\n<p>W zaj\u0119ciach wzi\u0119li udzia\u0142 mieszka\u0144cy Polski i S\u0142owacji, kt\u00f3rzy wsp\u00f3lnie tworzyli wyj\u0105tkowe ozdoby, czerpi\u0105c z tradycji przekazywanych z pokolenia na pokolenie. By\u0142a to nie tylko okazja do rozwijania tw\u00f3rczych umiej\u0119tno\u015bci, ale r\u00f3wnie\u017c do wsp\u00f3lnego sp\u0119dzenia czasu, wymiany do\u015bwiadcze\u0144 i piel\u0119gnowania lokalnego dziedzictwa kulturowego.<\/p>\n\n\n\n<p>Szczeg\u00f3lnym elementem warsztat\u00f3w by\u0142a wyj\u0105tkowa kompozycja przygotowana z okazji obchodzonego w tym roku jubileuszu <strong>700-lecia Pisarzowic<\/strong>. Powsta\u0142y wieniec nawi\u0105zuje do historii miejscowo\u015bci i przedstawia dawny, drewniany ko\u015bci\u00f3\u0142 w Pisarzowicach.<\/p>\n\n\n\n<p>To pi\u0119kne podsumowanie wsp\u00f3lnych dzia\u0142a\u0144, kt\u00f3re po\u0142\u0105czy\u0142y mieszka\u0144c\u00f3w obu stron granicy poprzez tradycj\u0119, r\u0119kodzie\u0142o i kultur\u0119.<\/p>\n\n\n\n<figure class=\"wp-block-gallery has-nested-images columns-3 is-cropped wp-block-gallery-1 is-layout-flex wp-block-gallery-is-layout-flex\">\n\n<figure class=\"wp-block-image size-large\"><a href=\"https:\/\/ozpolonus.sk\/wp-content\/uploads\/2026\/09\/01-ucastnicky-tvorba-slamenych-ozdob-folkowe-pogranicze.webp\"><img fetchpriority=\"high\" decoding=\"async\" width=\"1200\" height=\"1600\" data-id=\"7539\" src=\"https:\/\/ozpolonus.sk\/wp-content\/uploads\/2026\/09\/01-ucastnicky-tvorba-slamenych-ozdob-folkowe-pogranicze.webp\" alt=\"\u00da\u010dastn\u00ed\u010dky vyr\u00e1baj\u00fa slamen\u00e9 ozdoby po\u010das z\u00e1vere\u010dn\u00fdch workshopov projektu Folkowe Pogranicze\" class=\"wp-image-7539\" srcset=\"https:\/\/ozpolonus.sk\/wp-content\/uploads\/2026\/09\/01-ucastnicky-tvorba-slamenych-ozdob-folkowe-pogranicze.webp 1200w, https:\/\/ozpolonus.sk\/wp-content\/uploads\/2026\/09\/01-ucastnicky-tvorba-slamenych-ozdob-folkowe-pogranicze-768x1024.webp 768w, https:\/\/ozpolonus.sk\/wp-content\/uploads\/2026\/09\/01-ucastnicky-tvorba-slamenych-ozdob-folkowe-pogranicze-1152x1536.webp 1152w, https:\/\/ozpolonus.sk\/wp-content\/uploads\/2026\/09\/01-ucastnicky-tvorba-slamenych-ozdob-folkowe-pogranicze-9x12.webp 9w\" sizes=\"(max-width: 1200px) 100vw, 1200px\" \/><\/a><\/figure>\n\n\n<figure class=\"wp-block-image size-large\"><a href=\"https:\/\/ozpolonus.sk\/wp-content\/uploads\/2026\/09\/02-workshop-folkowe-pogranicze-pohlad-na-salu.webp\"><img decoding=\"async\" width=\"1200\" height=\"1600\" data-id=\"7540\" src=\"https:\/\/ozpolonus.sk\/wp-content\/uploads\/2026\/09\/02-workshop-folkowe-pogranicze-pohlad-na-salu.webp\" alt=\"Poh\u013ead na tvoriv\u00e9 dielne so slamen\u00fdmi dekor\u00e1ciami a panelmi projektu Folkowe Pogranicze\" class=\"wp-image-7540\" srcset=\"https:\/\/ozpolonus.sk\/wp-content\/uploads\/2026\/09\/02-workshop-folkowe-pogranicze-pohlad-na-salu.webp 1200w, https:\/\/ozpolonus.sk\/wp-content\/uploads\/2026\/09\/02-workshop-folkowe-pogranicze-pohlad-na-salu-768x1024.webp 768w, https:\/\/ozpolonus.sk\/wp-content\/uploads\/2026\/09\/02-workshop-folkowe-pogranicze-pohlad-na-salu-1152x1536.webp 1152w, https:\/\/ozpolonus.sk\/wp-content\/uploads\/2026\/09\/02-workshop-folkowe-pogranicze-pohlad-na-salu-9x12.webp 9w\" sizes=\"(max-width: 1200px) 100vw, 1200px\" \/><\/a><\/figure>\n\n\n<figure class=\"wp-block-image size-large\"><a href=\"https:\/\/ozpolonus.sk\/wp-content\/uploads\/2026\/09\/03-ucastnicky-pri-vyrobe-ozdob-folkowe-pogranicze.webp\"><img decoding=\"async\" width=\"1200\" height=\"1600\" data-id=\"7541\" src=\"https:\/\/ozpolonus.sk\/wp-content\/uploads\/2026\/09\/03-ucastnicky-pri-vyrobe-ozdob-folkowe-pogranicze.webp\" alt=\"\u00da\u010dastn\u00ed\u010dky pri spolo\u010dnej v\u00fdrobe ozd\u00f4b zo slamy na workshope Folkowe Pogranicze\" class=\"wp-image-7541\" srcset=\"https:\/\/ozpolonus.sk\/wp-content\/uploads\/2026\/09\/03-ucastnicky-pri-vyrobe-ozdob-folkowe-pogranicze.webp 1200w, https:\/\/ozpolonus.sk\/wp-content\/uploads\/2026\/09\/03-ucastnicky-pri-vyrobe-ozdob-folkowe-pogranicze-768x1024.webp 768w, https:\/\/ozpolonus.sk\/wp-content\/uploads\/2026\/09\/03-ucastnicky-pri-vyrobe-ozdob-folkowe-pogranicze-1152x1536.webp 1152w, https:\/\/ozpolonus.sk\/wp-content\/uploads\/2026\/09\/03-ucastnicky-pri-vyrobe-ozdob-folkowe-pogranicze-9x12.webp 9w\" sizes=\"(max-width: 1200px) 100vw, 1200px\" \/><\/a><\/figure>\n\n\n<figure class=\"wp-block-image size-large\"><a href=\"https:\/\/ozpolonus.sk\/wp-content\/uploads\/2026\/09\/04-tvorive-dielne-folkowe-pogranicze-projektove-panely.webp\"><img loading=\"lazy\" decoding=\"async\" width=\"1600\" height=\"1200\" data-id=\"7542\" src=\"https:\/\/ozpolonus.sk\/wp-content\/uploads\/2026\/09\/04-tvorive-dielne-folkowe-pogranicze-projektove-panely.webp\" alt=\"\u00da\u010dastn\u00ed\u010dky tvoria slamen\u00e9 ozdoby pred prezenta\u010dn\u00fdmi panelmi projektu Folkowe Pogranicze\" class=\"wp-image-7542\" srcset=\"https:\/\/ozpolonus.sk\/wp-content\/uploads\/2026\/09\/04-tvorive-dielne-folkowe-pogranicze-projektove-panely.webp 1600w, https:\/\/ozpolonus.sk\/wp-content\/uploads\/2026\/09\/04-tvorive-dielne-folkowe-pogranicze-projektove-panely-768x576.webp 768w, https:\/\/ozpolonus.sk\/wp-content\/uploads\/2026\/09\/04-tvorive-dielne-folkowe-pogranicze-projektove-panely-1536x1152.webp 1536w, https:\/\/ozpolonus.sk\/wp-content\/uploads\/2026\/09\/04-tvorive-dielne-folkowe-pogranicze-projektove-panely-16x12.webp 16w\" sizes=\"(max-width: 1600px) 100vw, 1600px\" \/><\/a><\/figure>\n\n\n<figure class=\"wp-block-image size-large\"><a href=\"https:\/\/ozpolonus.sk\/wp-content\/uploads\/2026\/09\/05-priprava-slamenej-kompozicie-kostola-folkowe-pogranicze.webp\"><img loading=\"lazy\" decoding=\"async\" width=\"1200\" height=\"1600\" data-id=\"7543\" src=\"https:\/\/ozpolonus.sk\/wp-content\/uploads\/2026\/09\/05-priprava-slamenej-kompozicie-kostola-folkowe-pogranicze.webp\" alt=\"\u00da\u010dastn\u00ed\u010dky pripravuj\u00fa slamen\u00fa kompoz\u00edciu dreven\u00e9ho kostola po\u010das workshopu Folkowe Pogranicze\" class=\"wp-image-7543\" srcset=\"https:\/\/ozpolonus.sk\/wp-content\/uploads\/2026\/09\/05-priprava-slamenej-kompozicie-kostola-folkowe-pogranicze.webp 1200w, https:\/\/ozpolonus.sk\/wp-content\/uploads\/2026\/09\/05-priprava-slamenej-kompozicie-kostola-folkowe-pogranicze-768x1024.webp 768w, https:\/\/ozpolonus.sk\/wp-content\/uploads\/2026\/09\/05-priprava-slamenej-kompozicie-kostola-folkowe-pogranicze-1152x1536.webp 1152w, https:\/\/ozpolonus.sk\/wp-content\/uploads\/2026\/09\/05-priprava-slamenej-kompozicie-kostola-folkowe-pogranicze-9x12.webp 9w\" sizes=\"(max-width: 1200px) 100vw, 1200px\" \/><\/a><\/figure>\n\n\n<figure class=\"wp-block-image size-large\"><a href=\"https:\/\/ozpolonus.sk\/wp-content\/uploads\/2026\/09\/06-vyroba-slameneho-venca-folkowe-pogranicze.webp\"><img loading=\"lazy\" decoding=\"async\" width=\"1600\" height=\"1200\" data-id=\"7544\" src=\"https:\/\/ozpolonus.sk\/wp-content\/uploads\/2026\/09\/06-vyroba-slameneho-venca-folkowe-pogranicze.webp\" alt=\"\u00da\u010dastn\u00ed\u010dky pri v\u00fdrobe slamen\u00e9ho venca ved\u013ea panelov projektu Folkowe Pogranicze\" class=\"wp-image-7544\" srcset=\"https:\/\/ozpolonus.sk\/wp-content\/uploads\/2026\/09\/06-vyroba-slameneho-venca-folkowe-pogranicze.webp 1600w, https:\/\/ozpolonus.sk\/wp-content\/uploads\/2026\/09\/06-vyroba-slameneho-venca-folkowe-pogranicze-768x576.webp 768w, https:\/\/ozpolonus.sk\/wp-content\/uploads\/2026\/09\/06-vyroba-slameneho-venca-folkowe-pogranicze-1536x1152.webp 1536w, https:\/\/ozpolonus.sk\/wp-content\/uploads\/2026\/09\/06-vyroba-slameneho-venca-folkowe-pogranicze-16x12.webp 16w\" sizes=\"(max-width: 1600px) 100vw, 1600px\" \/><\/a><\/figure>\n\n<\/figure>","protected":false},"excerpt":{"rendered":"<p>19. augusta 2026 sa konali posledn\u00e9 workshopy zorganizovan\u00e9 v r\u00e1mci projektu \u201eFolkowe Pogranicze\u201c, spolufinancovan\u00e9ho Eur\u00f3pskou \u00faniou v r\u00e1mci programu Interreg Po\u013esko \u2013 Slovensko 2021\u20132027. Na podujat\u00ed sa z\u00fa\u010dastnili obyvatelia Po\u013eska a Slovenska, ktor\u00ed spolo\u010dne vytv\u00e1rali jedine\u010dn\u00e9 ozdoby, pri\u010dom \u010derpali z trad\u00edci\u00ed odovzd\u00e1van\u00fdch z gener\u00e1cie na gener\u00e1ciu. Bola to nielen pr\u00edle\u017eitos\u0165 na rozvoj tvoriv\u00fdch zru\u010dnost\u00ed, ale [&hellip;]<\/p>","protected":false},"author":2,"featured_media":7542,"comment_status":"closed","ping_status":"","sticky":false,"template":"","format":"standard","meta":{"site-sidebar-layout":"default","site-content-layout":"","ast-site-content-layout":"default","site-content-style":"default","site-sidebar-style":"default","ast-global-header-display":"","ast-banner-title-visibility":"","ast-main-header-display":"","ast-hfb-above-header-display":"","ast-hfb-below-header-display":"","ast-hfb-mobile-header-display":"","site-post-title":"","ast-breadcrumbs-content":"","ast-featured-img":"","footer-sml-layout":"","theme-transparent-header-meta":"","adv-header-id-meta":"","stick-header-meta":"","header-above-stick-meta":"","header-main-stick-meta":"","header-below-stick-meta":"","astra-migrate-meta-layouts":"default","ast-page-background-enabled":"default","ast-page-background-meta":{"desktop":{"background-color":"","background-image":"","background-repeat":"repeat","background-position":"center center","background-size":"auto","background-attachment":"scroll","background-type":"","background-media":"","overlay-type":"","overlay-color":"","overlay-opacity":"","overlay-gradient":""},"tablet":{"background-color":"","background-image":"","background-repeat":"repeat","background-position":"center center","background-size":"auto","background-attachment":"scroll","background-type":"","background-media":"","overlay-type":"","overlay-color":"","overlay-opacity":"","overlay-gradient":""},"mobile":{"background-color":"","background-image":"","background-repeat":"repeat","background-position":"center center","background-size":"auto","background-attachment":"scroll","background-type":"","background-media":"","overlay-type":"","overlay-color":"","overlay-opacity":"","overlay-gradient":""}},"ast-content-background-meta":{"desktop":{"background-color":"var(--ast-global-color-5)","background-image":"","background-repeat":"repeat","background-position":"center center","background-size":"auto","background-attachment":"scroll","background-type":"","background-media":"","overlay-type":"","overlay-color":"","overlay-opacity":"","overlay-gradient":""},"tablet":{"background-color":"var(--ast-global-color-5)","background-image":"","background-repeat":"repeat","background-position":"center center","background-size":"auto","background-attachment":"scroll","background-type":"","background-media":"","overlay-type":"","overlay-color":"","overlay-opacity":"","overlay-gradient":""},"mobile":{"background-color":"var(--ast-global-color-5)","background-image":"","background-repeat":"repeat","background-position":"center center","background-size":"auto","background-attachment":"scroll","background-type":"","background-media":"","overlay-type":"","overlay-color":"","overlay-opacity":"","overlay-gradient":""}},"footnotes":""},"categories":[125],"tags":[],"class_list":["post-7545","post","type-post","status-publish","format-standard","has-post-thumbnail","hentry","category-projekty-eu"],"_links":{"self":[{"href":"https:\/\/ozpolonus.sk\/pl\/wp-json\/wp\/v2\/posts\/7545","targetHints":{"allow":["GET"]}}],"collection":[{"href":"https:\/\/ozpolonus.sk\/pl\/wp-json\/wp\/v2\/posts"}],"about":[{"href":"https:\/\/ozpolonus.sk\/pl\/wp-json\/wp\/v2\/types\/post"}],"author":[{"embeddable":true,"href":"https:\/\/ozpolonus.sk\/pl\/wp-json\/wp\/v2\/users\/2"}],"replies":[{"embeddable":true,"href":"https:\/\/ozpolonus.sk\/pl\/wp-json\/wp\/v2\/comments?post=7545"}],"version-history":[{"count":0,"href":"https:\/\/ozpolonus.sk\/pl\/wp-json\/wp\/v2\/posts\/7545\/revisions"}],"wp:featuredmedia":[{"embeddable":true,"href":"https:\/\/ozpolonus.sk\/pl\/wp-json\/wp\/v2\/media\/7542"}],"wp:attachment":[{"href":"https:\/\/ozpolonus.sk\/pl\/wp-json\/wp\/v2\/media?parent=7545"}],"wp:term":[{"taxonomy":"category","embeddable":true,"href":"https:\/\/ozpolonus.sk\/pl\/wp-json\/wp\/v2\/categories?post=7545"},{"taxonomy":"post_tag","embeddable":true,"href":"https:\/\/ozpolonus.sk\/pl\/wp-json\/wp\/v2\/tags?post=7545"}],"curies":[{"name":"wp","href":"https:\/\/api.w.org\/{rel}","templated":true}]}}